{"id":39232,"date":"2025-03-22T03:40:25","date_gmt":"2025-03-22T02:40:25","guid":{"rendered":"https:\/\/www.terres-de-seine.fr\/\/peinture-du-nord-une-identite-un-heritage-conference-artistique-par-dominique-lardeux-2\/"},"modified":"2025-03-22T03:40:25","modified_gmt":"2025-03-22T02:40:25","slug":"peinture-du-nord-une-identite-un-heritage-conference-artistique-par-dominique-lardeux-2","status":"publish","type":"articlesyatadata","link":"https:\/\/www.terres-de-seine.fr\/en\/fete_et_manifestation\/peinture-du-nord-une-identite-un-heritage-conference-artistique-par-dominique-lardeux-2\/","title":{"rendered":"&#8220;Peinture du Nord : une identit\u00e9, un h\u00e9ritage&#8221; : Conf\u00e9rence artistique par Dominique Lardeux"},"content":{"rendered":"","protected":false},"parent":0,"template":"","class_list":["post-39232","articlesyatadata","type-articlesyatadata","status-publish","hentry"],"acf":[],"_links":{"self":[{"href":"https:\/\/www.terres-de-seine.fr\/en\/wp-json\/wp\/v2\/articlesyatadata\/39232","targetHints":{"allow":["GET"]}}],"collection":[{"href":"https:\/\/www.terres-de-seine.fr\/en\/wp-json\/wp\/v2\/articlesyatadata"}],"about":[{"href":"https:\/\/www.terres-de-seine.fr\/en\/wp-json\/wp\/v2\/types\/articlesyatadata"}],"wp:attachment":[{"href":"https:\/\/www.terres-de-seine.fr\/en\/wp-json\/wp\/v2\/media?parent=39232"}],"curies":[{"name":"wp","href":"https:\/\/api.w.org\/{rel}","templated":true}]}}