{"id":40281,"date":"2025-10-27T18:48:20","date_gmt":"2025-10-27T17:48:20","guid":{"rendered":"https:\/\/www.terres-de-seine.fr\/\/decouverte-musicale-la-chorale-en-repetition-publique-2\/"},"modified":"2025-10-27T18:48:20","modified_gmt":"2025-10-27T17:48:20","slug":"decouverte-musicale-la-chorale-en-repetition-publique-2","status":"publish","type":"articlesyatadata","link":"https:\/\/www.terres-de-seine.fr\/en\/fete_et_manifestation\/decouverte-musicale-la-chorale-en-repetition-publique-2\/","title":{"rendered":"D\u00e9couverte musicale : la chorale en r\u00e9p\u00e9tition publique"},"content":{"rendered":"","protected":false},"parent":0,"template":"","class_list":["post-40281","articlesyatadata","type-articlesyatadata","status-publish","hentry"],"acf":[],"_links":{"self":[{"href":"https:\/\/www.terres-de-seine.fr\/en\/wp-json\/wp\/v2\/articlesyatadata\/40281","targetHints":{"allow":["GET"]}}],"collection":[{"href":"https:\/\/www.terres-de-seine.fr\/en\/wp-json\/wp\/v2\/articlesyatadata"}],"about":[{"href":"https:\/\/www.terres-de-seine.fr\/en\/wp-json\/wp\/v2\/types\/articlesyatadata"}],"wp:attachment":[{"href":"https:\/\/www.terres-de-seine.fr\/en\/wp-json\/wp\/v2\/media?parent=40281"}],"curies":[{"name":"wp","href":"https:\/\/api.w.org\/{rel}","templated":true}]}}