{"id":35146,"date":"2026-04-08T04:30:26","date_gmt":"2026-04-08T02:30:26","guid":{"rendered":"https:\/\/www.terres-de-seine.fr\/\/itineraire-velo-electrique-3\/"},"modified":"2026-04-08T04:30:26","modified_gmt":"2026-04-08T02:30:26","slug":"itineraire-velo-electrique-3","status":"publish","type":"articlesyatadata","link":"https:\/\/www.terres-de-seine.fr\/nl\/equipement\/itineraire-velo-electrique-3\/","title":{"rendered":"Itin\u00e9raire v\u00e9lo \u00e9lectrique"},"content":{"rendered":"","protected":false},"parent":0,"template":"","class_list":["post-35146","articlesyatadata","type-articlesyatadata","status-publish","hentry"],"acf":[],"_links":{"self":[{"href":"https:\/\/www.terres-de-seine.fr\/nl\/wp-json\/wp\/v2\/articlesyatadata\/35146","targetHints":{"allow":["GET"]}}],"collection":[{"href":"https:\/\/www.terres-de-seine.fr\/nl\/wp-json\/wp\/v2\/articlesyatadata"}],"about":[{"href":"https:\/\/www.terres-de-seine.fr\/nl\/wp-json\/wp\/v2\/types\/articlesyatadata"}],"wp:attachment":[{"href":"https:\/\/www.terres-de-seine.fr\/nl\/wp-json\/wp\/v2\/media?parent=35146"}],"curies":[{"name":"wp","href":"https:\/\/api.w.org\/{rel}","templated":true}]}}