{"id":36133,"date":"2026-01-17T04:30:10","date_gmt":"2026-01-17T03:30:10","guid":{"rendered":"https:\/\/www.terres-de-seine.fr\/\/randonnee-sur-la-seine-a-velo-de-verneuil-sur-seine-a-epone-3\/"},"modified":"2026-01-17T04:30:10","modified_gmt":"2026-01-17T03:30:10","slug":"randonnee-sur-la-seine-a-velo-de-verneuil-sur-seine-a-epone-3","status":"publish","type":"articlesyatadata","link":"https:\/\/www.terres-de-seine.fr\/nl\/equipement\/randonnee-sur-la-seine-a-velo-de-verneuil-sur-seine-a-epone-3\/","title":{"rendered":"Randonn\u00e9e sur la Seine \u00e0 v\u00e9lo\u00ae, de Verneuil-sur-Seine \u00e0 Ep\u00f4ne"},"content":{"rendered":"","protected":false},"parent":0,"template":"","class_list":["post-36133","articlesyatadata","type-articlesyatadata","status-publish","hentry"],"acf":[],"_links":{"self":[{"href":"https:\/\/www.terres-de-seine.fr\/nl\/wp-json\/wp\/v2\/articlesyatadata\/36133","targetHints":{"allow":["GET"]}}],"collection":[{"href":"https:\/\/www.terres-de-seine.fr\/nl\/wp-json\/wp\/v2\/articlesyatadata"}],"about":[{"href":"https:\/\/www.terres-de-seine.fr\/nl\/wp-json\/wp\/v2\/types\/articlesyatadata"}],"wp:attachment":[{"href":"https:\/\/www.terres-de-seine.fr\/nl\/wp-json\/wp\/v2\/media?parent=36133"}],"curies":[{"name":"wp","href":"https:\/\/api.w.org\/{rel}","templated":true}]}}