{"id":36226,"date":"2025-10-27T17:37:02","date_gmt":"2025-10-27T16:37:02","guid":{"rendered":"https:\/\/www.terres-de-seine.fr\/\/randonnee-a-velo-de-triel-a-meulan-de-gare-en-gare-3\/"},"modified":"2025-10-27T17:37:02","modified_gmt":"2025-10-27T16:37:02","slug":"randonnee-a-velo-de-triel-a-meulan-de-gare-en-gare-3","status":"publish","type":"articlesyatadata","link":"https:\/\/www.terres-de-seine.fr\/nl\/equipement\/randonnee-a-velo-de-triel-a-meulan-de-gare-en-gare-3\/","title":{"rendered":"Randonn\u00e9e \u00e0 v\u00e9lo de Meulan \u00e0 Triel-sur-Seine, de gare en gare"},"content":{"rendered":"","protected":false},"parent":0,"template":"","class_list":["post-36226","articlesyatadata","type-articlesyatadata","status-publish","hentry"],"acf":[],"_links":{"self":[{"href":"https:\/\/www.terres-de-seine.fr\/nl\/wp-json\/wp\/v2\/articlesyatadata\/36226","targetHints":{"allow":["GET"]}}],"collection":[{"href":"https:\/\/www.terres-de-seine.fr\/nl\/wp-json\/wp\/v2\/articlesyatadata"}],"about":[{"href":"https:\/\/www.terres-de-seine.fr\/nl\/wp-json\/wp\/v2\/types\/articlesyatadata"}],"wp:attachment":[{"href":"https:\/\/www.terres-de-seine.fr\/nl\/wp-json\/wp\/v2\/media?parent=36226"}],"curies":[{"name":"wp","href":"https:\/\/api.w.org\/{rel}","templated":true}]}}