{"id":39173,"date":"2026-03-27T04:30:41","date_gmt":"2026-03-27T03:30:41","guid":{"rendered":"https:\/\/www.terres-de-seine.fr\/\/journees-europeennes-des-metiers-dart-3\/"},"modified":"2026-03-27T04:30:41","modified_gmt":"2026-03-27T03:30:41","slug":"journees-europeennes-des-metiers-dart-3","status":"publish","type":"articlesyatadata","link":"https:\/\/www.terres-de-seine.fr\/nl\/fete_et_manifestation\/journees-europeennes-des-metiers-dart-3\/","title":{"rendered":"Journ\u00e9es europ\u00e9ennes des M\u00e9tiers d&#8217;Art"},"content":{"rendered":"","protected":false},"parent":0,"template":"","class_list":["post-39173","articlesyatadata","type-articlesyatadata","status-publish","hentry"],"acf":[],"_links":{"self":[{"href":"https:\/\/www.terres-de-seine.fr\/nl\/wp-json\/wp\/v2\/articlesyatadata\/39173","targetHints":{"allow":["GET"]}}],"collection":[{"href":"https:\/\/www.terres-de-seine.fr\/nl\/wp-json\/wp\/v2\/articlesyatadata"}],"about":[{"href":"https:\/\/www.terres-de-seine.fr\/nl\/wp-json\/wp\/v2\/types\/articlesyatadata"}],"wp:attachment":[{"href":"https:\/\/www.terres-de-seine.fr\/nl\/wp-json\/wp\/v2\/media?parent=39173"}],"curies":[{"name":"wp","href":"https:\/\/api.w.org\/{rel}","templated":true}]}}