{"id":40242,"date":"2025-07-10T04:31:38","date_gmt":"2025-07-10T02:31:38","guid":{"rendered":"https:\/\/www.terres-de-seine.fr\/\/la-republique-en-fete-a-carrieres-sous-poissy-9\/"},"modified":"2025-07-10T04:31:38","modified_gmt":"2025-07-10T02:31:38","slug":"la-republique-en-fete-a-carrieres-sous-poissy-9","status":"publish","type":"articlesyatadata","link":"https:\/\/www.terres-de-seine.fr\/nl\/fete_et_manifestation\/la-republique-en-fete-a-carrieres-sous-poissy-9\/","title":{"rendered":"La R\u00e9publique en F\u00eate \u00e0 Carri\u00e8res-sous-Poissy"},"content":{"rendered":"","protected":false},"parent":0,"template":"","class_list":["post-40242","articlesyatadata","type-articlesyatadata","status-publish","hentry"],"acf":[],"_links":{"self":[{"href":"https:\/\/www.terres-de-seine.fr\/nl\/wp-json\/wp\/v2\/articlesyatadata\/40242","targetHints":{"allow":["GET"]}}],"collection":[{"href":"https:\/\/www.terres-de-seine.fr\/nl\/wp-json\/wp\/v2\/articlesyatadata"}],"about":[{"href":"https:\/\/www.terres-de-seine.fr\/nl\/wp-json\/wp\/v2\/types\/articlesyatadata"}],"wp:attachment":[{"href":"https:\/\/www.terres-de-seine.fr\/nl\/wp-json\/wp\/v2\/media?parent=40242"}],"curies":[{"name":"wp","href":"https:\/\/api.w.org\/{rel}","templated":true}]}}