{"id":40282,"date":"2025-10-27T18:48:21","date_gmt":"2025-10-27T17:48:21","guid":{"rendered":"https:\/\/www.terres-de-seine.fr\/\/decouverte-musicale-la-chorale-en-repetition-publique-3\/"},"modified":"2025-10-27T18:48:21","modified_gmt":"2025-10-27T17:48:21","slug":"decouverte-musicale-la-chorale-en-repetition-publique-3","status":"publish","type":"articlesyatadata","link":"https:\/\/www.terres-de-seine.fr\/nl\/fete_et_manifestation\/decouverte-musicale-la-chorale-en-repetition-publique-3\/","title":{"rendered":"D\u00e9couverte musicale : la chorale en r\u00e9p\u00e9tition publique"},"content":{"rendered":"","protected":false},"parent":0,"template":"","class_list":["post-40282","articlesyatadata","type-articlesyatadata","status-publish","hentry"],"acf":[],"_links":{"self":[{"href":"https:\/\/www.terres-de-seine.fr\/nl\/wp-json\/wp\/v2\/articlesyatadata\/40282","targetHints":{"allow":["GET"]}}],"collection":[{"href":"https:\/\/www.terres-de-seine.fr\/nl\/wp-json\/wp\/v2\/articlesyatadata"}],"about":[{"href":"https:\/\/www.terres-de-seine.fr\/nl\/wp-json\/wp\/v2\/types\/articlesyatadata"}],"wp:attachment":[{"href":"https:\/\/www.terres-de-seine.fr\/nl\/wp-json\/wp\/v2\/media?parent=40282"}],"curies":[{"name":"wp","href":"https:\/\/api.w.org\/{rel}","templated":true}]}}